{"id":126,"date":"2014-07-08T08:06:39","date_gmt":"2014-07-08T07:06:39","guid":{"rendered":"http:\/\/www.fichedepersonnalite.com\/test-de-personnalite\/?p=126"},"modified":"2014-07-08T09:47:23","modified_gmt":"2014-07-08T08:47:23","slug":"differences-entre-cadres-et-employes-part-1","status":"publish","type":"post","link":"https:\/\/www.fichedepersonnalite.com\/test-de-personnalite\/differences-entre-cadres-et-employes-part-1\/","title":{"rendered":"Diff\u00e9rences entre Cadres et Employ\u00e9s &#8211; part 1"},"content":{"rendered":"<p><em>Rappel : Notre base de donn\u00e9es contient 640 000 observations x 131 items(questions) sur 12 ans, qualifi\u00e9e \u00e2ge, genre, CSP<\/em><br \/>\n<em>Voir <a title=\"Comptage de la base de donn\u00e9e exploitable\" href=\"https:\/\/www.fichedepersonnalite.com\/test-de-personnalite\/comptage-de-la-base-de-donnee-exploitable\/\">les comptages par CSP<\/a><\/em><\/p>\n<p>&nbsp;<\/p>\n<p>Il arrive souvent qu&rsquo;au d\u00e9tour d&rsquo;une t\u00e2che, on fasse une d\u00e9couverte qui n&rsquo;a rien \u00e0 voir avec ce qu&rsquo;on \u00e9tait en train de faire.<\/p>\n<p>Alors que nous travaillons sur la mise au point d&rsquo;un algorithme de <a title=\"Trouver une methode de profilage automatique\" href=\"https:\/\/www.fichedepersonnalite.com\/test-de-personnalite\/trouver-une-methode-de-profilage-automatique\/\">profilage automatique<\/a> , nous avons remarqu\u00e9 une disparit\u00e9 \u00e9trange sur une question.<\/p>\n<p><strong>Il s&rsquo;agit de la question 12 : J&rsquo;ai des regrets (Ne pas avoir fait quelque chose)<\/strong><\/p>\n<p>et du coup aussi, la question 5 : J&rsquo;ai des remords (Avoir fait quelque chose qu&rsquo;on aurait pr\u00e9f\u00e9r\u00e9 \u00e9viter) , qui est parfaitement corr\u00e8l\u00e9e.<\/p>\n<h2>Un indicateur simple pour le recrutement ?<\/h2>\n<p>Variations par rapport \u00e0 la moyenne par CSP sur : <strong>12 : J&rsquo;ai des regrets (Ne pas avoir fait quelque chose)<br \/>\n(OUI=1pt, NON=4pts, moyenne=1.9 soit \u00ab\u00a0plut\u00f4t oui\u00a0\u00bb)<\/strong><\/p>\n<table width=\"345\">\n<tbody>\n<tr>\n<td width=\"288\">Cadres (informatique, t\u00e9l\u00e9coms)<\/td>\n<td width=\"57\">\u00a0\u00a0\u00a0\u00a0 0.31<\/td>\n<\/tr>\n<tr>\n<td>Cadres autres secteurs<\/td>\n<td>\u00a0\u00a0\u00a0\u00a0 0.43<\/td>\n<\/tr>\n<tr>\n<td>Chefs d&rsquo;entreprises<\/td>\n<td>\u00a0\u00a0\u00a0\u00a0 0.34<\/td>\n<\/tr>\n<tr>\n<td>Professions lib\u00e9rales<\/td>\n<td>\u00a0\u00a0\u00a0\u00a0 0.25<\/td>\n<\/tr>\n<tr>\n<td>Professions intellectuelles, artistiques<\/td>\n<td>\u00a0\u00a0\u00a0\u00a0 0.27<\/td>\n<\/tr>\n<tr>\n<td>Chercheurs ou m\u00e9decins des hopitaux<\/td>\n<td>\u00a0\u00a0\u00a0\u00a0 0.17<\/td>\n<\/tr>\n<tr>\n<td>Enseignants ou personnels de la sant\u00e9<\/td>\n<td>\u00a0\u00a0\u00a0\u00a0 0.15<\/td>\n<\/tr>\n<tr>\n<td>Etudiants<\/td>\n<td>&#8211;\u00a0\u00a0 0.01<\/td>\n<\/tr>\n<tr>\n<td>Coll\u00e9giens-Lyc\u00e9ens<\/td>\n<td>&#8211;\u00a0\u00a0 0.19<\/td>\n<\/tr>\n<tr>\n<td>Agriculteurs exploitants<\/td>\n<td>&#8211;\u00a0\u00a0 0.07<\/td>\n<\/tr>\n<tr>\n<td>Ouvriers sp\u00e9cialises ou agricoles<\/td>\n<td>&#8211;\u00a0\u00a0 0.06<\/td>\n<\/tr>\n<tr>\n<td>Artisans<\/td>\n<td>\u00a0\u00a0\u00a0\u00a0 0.02<\/td>\n<\/tr>\n<tr>\n<td>Commercants et assimil\u00e9s<\/td>\n<td>\u00a0\u00a0\u00a0\u00a0 0.05<\/td>\n<\/tr>\n<tr>\n<td>Employ\u00e9s (informatique, t\u00e9l\u00e9coms)<\/td>\n<td>\u00a0\u00a0\u00a0\u00a0 0.09<\/td>\n<\/tr>\n<tr>\n<td>Employ\u00e9s de la fonction publique<\/td>\n<td>\u00a0\u00a0\u00a0\u00a0 0.08<\/td>\n<\/tr>\n<tr>\n<td>Employ\u00e9s des entreprises<\/td>\n<td>\u00a0\u00a0\u00a0\u00a0 0.09<\/td>\n<\/tr>\n<tr>\n<td>Retrait\u00e9s, pr\u00e9-retrait\u00e9s<\/td>\n<td>\u00a0\u00a0\u00a0\u00a0 0.03<\/td>\n<\/tr>\n<tr>\n<td>Chomeurs et inactifs<\/td>\n<td>&#8211;\u00a0\u00a0 0.08<\/td>\n<\/tr>\n<\/tbody>\n<\/table>\n<p>La question 5 contient le m\u00eame genre de variations.<\/p>\n<p>Donc, ce qui se voit clairement, c&rsquo;est que les CSP+ sont au minimum 0.15 pts au dessus de la moyenne, et 0.30 pour les cadres et chefs d&rsquo;entreprise.<\/p>\n<p>Ce sont des diff\u00e9rences plus que non-n\u00e9gligeables.<\/p>\n<h2>Interpr\u00e9tation<\/h2>\n<p>La question 12 refl\u00e8te 2 comportements simultan\u00e9s qui doivent \u00eatre s\u00e9par\u00e9s par le biais d&rsquo;autres questions :<\/p>\n<ol>\n<li>\u00ab\u00a0J&rsquo;ai des regrets\u00a0\u00bb : parce que je ne suis jamais dans l&rsquo;action et dans l&rsquo;initiative<\/li>\n<li>\u00ab\u00a0Je n&rsquo;ai pas de regrets\u00a0\u00bb : parce que je ne fais jamais l&rsquo;analyse \u00e9motionnelle de ce que j&rsquo;aurai pu faire ou pas<\/li>\n<\/ol>\n<p>Il faut faire tr\u00e8s attention au fait que les motivations de r\u00e9ponses ne sont pas sur le m\u00eame plan.<\/p>\n<p>Ainsi, on ne sait pas, a priori, si les Cadres et Chefs d&rsquo;entreprise ont nettement moins de regrets parce qu&rsquo;ils sont syst\u00e9matiquement plus dans l&rsquo;action et l&rsquo;initiative, ou si c&rsquo;est parce qu&rsquo;ils font moins soumis \u00e0 cette \u00ab\u00a0culpabilit\u00e9\u00a0\u00bb envers soi-m\u00eame sur quelque chose de pass\u00e9.<\/p>\n<p>Autrement dit, on ne peut pas trancher sur ces 2 questions (remords et regrets) la cause psychologique. Par contre, il est \u00e0 pr\u00e9sent de l&rsquo;ordre du fait que Cadres et Chefs d&rsquo;entreprise, et plus globalement l&rsquo;ensemble des postes \u00e0 responsabilit\u00e9, montrent une nette diff\u00e9rence\u00a0 sur ces 2 questions.<\/p>\n<p>&nbsp;<\/p>\n<h2>Pour les responsables des ressources humaines<\/h2>\n<p>La prochaine fois que vous poserez des questions \u00e0 vos postulants, pensez \u00e0 leur demander s&rsquo;ils ont des regrets ou des remords, dans la vie en g\u00e9n\u00e9ral\u00a0 !<br \/>\nLes CSP- r\u00e9pondent plut\u00f4t oui, les CSP+ r\u00e9pondent plut\u00f4t neutre ou non<\/p>\n<p>Ce sont deux questions centrales du rapport \u00e0 l&rsquo;action, l&rsquo;initiative, le scrupule, la gestion de l&rsquo;echec, le fatalisme etc.<\/p>\n<p>La vraie difficult\u00e9 sera de d\u00e9finir si le postulant n&rsquo;as pas de regrets parce qu&rsquo;il est tout le temps dans l&rsquo;action ou si c&rsquo;est parce qu&rsquo;il ne fait pas (ou n&rsquo;est pas sensible \u00e0) ce processus d&rsquo;analyse du pass\u00e9. Dans le premier cas, cela indiquera une force dynamique, dans le deuxi\u00e8me une \u00ab\u00a0absence de scrupules\u00a0\u00bb. Il y a fort \u00e0 parier que ce soit souvent un peu des deux .<\/p>\n<p>&nbsp;<\/p>\n<p>&nbsp;<\/p>\n","protected":false},"excerpt":{"rendered":"<p>Rappel : Notre base de donn\u00e9es contient 640 000 observations x 131 items(questions) sur 12 ans, qualifi\u00e9e \u00e2ge, genre, CSP Voir les comptages par CSP &nbsp; Il arrive souvent qu&rsquo;au d\u00e9tour d&rsquo;une t\u00e2che, on fasse une d\u00e9couverte qui n&rsquo;a rien \u00e0 voir avec ce qu&rsquo;on \u00e9tait en train de faire. Alors que nous travaillons sur &hellip; <a href=\"https:\/\/www.fichedepersonnalite.com\/test-de-personnalite\/differences-entre-cadres-et-employes-part-1\/\" class=\"more-link\">Continuer la lecture de <span class=\"screen-reader-text\">Diff\u00e9rences entre Cadres et Employ\u00e9s &#8211; part 1<\/span><\/a><\/p>\n","protected":false},"author":1,"featured_media":0,"comment_status":"open","ping_status":"open","sticky":false,"template":"","format":"standard","meta":[],"categories":[3,7],"tags":[12,25,27,41,13],"yoast_head":"<!-- This site is optimized with the Yoast SEO plugin v15.4 - https:\/\/yoast.com\/wordpress\/plugins\/seo\/ -->\n<title>Diff\u00e9rences entre Cadres et Employ\u00e9s - part 1 - Le Blog Fiche de personnalite<\/title>\n<meta name=\"robots\" content=\"index, follow, max-snippet:-1, max-image-preview:large, max-video-preview:-1\" \/>\n<link rel=\"canonical\" href=\"https:\/\/www.fichedepersonnalite.com\/test-de-personnalite\/differences-entre-cadres-et-employes-part-1\/\" \/>\n<meta property=\"og:locale\" content=\"fr_FR\" \/>\n<meta property=\"og:type\" content=\"article\" \/>\n<meta property=\"og:title\" content=\"Diff\u00e9rences entre Cadres et Employ\u00e9s - part 1 - Le Blog Fiche de personnalite\" \/>\n<meta property=\"og:description\" content=\"Rappel : Notre base de donn\u00e9es contient 640 000 observations x 131 items(questions) sur 12 ans, qualifi\u00e9e \u00e2ge, genre, CSP Voir les comptages par CSP &nbsp; Il arrive souvent qu&rsquo;au d\u00e9tour d&rsquo;une t\u00e2che, on fasse une d\u00e9couverte qui n&rsquo;a rien \u00e0 voir avec ce qu&rsquo;on \u00e9tait en train de faire. Alors que nous travaillons sur &hellip; Continuer la lecture de Diff\u00e9rences entre Cadres et Employ\u00e9s &#8211; part 1\" \/>\n<meta property=\"og:url\" content=\"https:\/\/www.fichedepersonnalite.com\/test-de-personnalite\/differences-entre-cadres-et-employes-part-1\/\" \/>\n<meta property=\"og:site_name\" content=\"Le Blog Fiche de personnalite\" \/>\n<meta property=\"article:published_time\" content=\"2014-07-08T07:06:39+00:00\" \/>\n<meta property=\"article:modified_time\" content=\"2014-07-08T08:47:23+00:00\" \/>\n<meta name=\"twitter:card\" content=\"summary_large_image\" \/>\n<meta name=\"twitter:label1\" content=\"\u00c9crit par\">\n\t<meta name=\"twitter:data1\" content=\"admin\">\n\t<meta name=\"twitter:label2\" content=\"Dur\u00e9e de lecture est.\">\n\t<meta name=\"twitter:data2\" content=\"2 minutes\">\n<script type=\"application\/ld+json\" class=\"yoast-schema-graph\">{\"@context\":\"https:\/\/schema.org\",\"@graph\":[{\"@type\":\"WebSite\",\"@id\":\"https:\/\/www.fichedepersonnalite.com\/test-de-personnalite\/#website\",\"url\":\"https:\/\/www.fichedepersonnalite.com\/test-de-personnalite\/\",\"name\":\"Le Blog Fiche de personnalite\",\"description\":\"L&#039;extra-ordinaire est une extr\\u00eame de l&#039;ordinaire, nous mesurons cette distance\",\"potentialAction\":[{\"@type\":\"SearchAction\",\"target\":\"https:\/\/www.fichedepersonnalite.com\/test-de-personnalite\/?s={search_term_string}\",\"query-input\":\"required name=search_term_string\"}],\"inLanguage\":\"fr-FR\"},{\"@type\":\"WebPage\",\"@id\":\"https:\/\/www.fichedepersonnalite.com\/test-de-personnalite\/differences-entre-cadres-et-employes-part-1\/#webpage\",\"url\":\"https:\/\/www.fichedepersonnalite.com\/test-de-personnalite\/differences-entre-cadres-et-employes-part-1\/\",\"name\":\"Diff\\u00e9rences entre Cadres et Employ\\u00e9s - part 1 - Le Blog Fiche de personnalite\",\"isPartOf\":{\"@id\":\"https:\/\/www.fichedepersonnalite.com\/test-de-personnalite\/#website\"},\"datePublished\":\"2014-07-08T07:06:39+00:00\",\"dateModified\":\"2014-07-08T08:47:23+00:00\",\"author\":{\"@id\":\"https:\/\/www.fichedepersonnalite.com\/test-de-personnalite\/#\/schema\/person\/a3178dfce98ff2818e40a96a88010dcc\"},\"inLanguage\":\"fr-FR\",\"potentialAction\":[{\"@type\":\"ReadAction\",\"target\":[\"https:\/\/www.fichedepersonnalite.com\/test-de-personnalite\/differences-entre-cadres-et-employes-part-1\/\"]}]},{\"@type\":\"Person\",\"@id\":\"https:\/\/www.fichedepersonnalite.com\/test-de-personnalite\/#\/schema\/person\/a3178dfce98ff2818e40a96a88010dcc\",\"name\":\"admin\",\"image\":{\"@type\":\"ImageObject\",\"@id\":\"https:\/\/www.fichedepersonnalite.com\/test-de-personnalite\/#personlogo\",\"inLanguage\":\"fr-FR\",\"url\":\"https:\/\/secure.gravatar.com\/avatar\/a02882dbe0717978c42b7d112a50c453?s=96&d=mm&r=g\",\"caption\":\"admin\"}}]}<\/script>\n<!-- \/ Yoast SEO plugin. -->","_links":{"self":[{"href":"https:\/\/www.fichedepersonnalite.com\/test-de-personnalite\/wp-json\/wp\/v2\/posts\/126"}],"collection":[{"href":"https:\/\/www.fichedepersonnalite.com\/test-de-personnalite\/wp-json\/wp\/v2\/posts"}],"about":[{"href":"https:\/\/www.fichedepersonnalite.com\/test-de-personnalite\/wp-json\/wp\/v2\/types\/post"}],"author":[{"embeddable":true,"href":"https:\/\/www.fichedepersonnalite.com\/test-de-personnalite\/wp-json\/wp\/v2\/users\/1"}],"replies":[{"embeddable":true,"href":"https:\/\/www.fichedepersonnalite.com\/test-de-personnalite\/wp-json\/wp\/v2\/comments?post=126"}],"version-history":[{"count":4,"href":"https:\/\/www.fichedepersonnalite.com\/test-de-personnalite\/wp-json\/wp\/v2\/posts\/126\/revisions"}],"predecessor-version":[{"id":130,"href":"https:\/\/www.fichedepersonnalite.com\/test-de-personnalite\/wp-json\/wp\/v2\/posts\/126\/revisions\/130"}],"wp:attachment":[{"href":"https:\/\/www.fichedepersonnalite.com\/test-de-personnalite\/wp-json\/wp\/v2\/media?parent=126"}],"wp:term":[{"taxonomy":"category","embeddable":true,"href":"https:\/\/www.fichedepersonnalite.com\/test-de-personnalite\/wp-json\/wp\/v2\/categories?post=126"},{"taxonomy":"post_tag","embeddable":true,"href":"https:\/\/www.fichedepersonnalite.com\/test-de-personnalite\/wp-json\/wp\/v2\/tags?post=126"}],"curies":[{"name":"wp","href":"https:\/\/api.w.org\/{rel}","templated":true}]}}